{"id":3365,"date":"2019-01-10T12:33:59","date_gmt":"2019-01-10T12:33:59","guid":{"rendered":"https:\/\/la-ale.com\/revistalaleche\/?p=3365"},"modified":"2019-01-10T12:59:27","modified_gmt":"2019-01-10T12:59:27","slug":"ahora-te-toca-a-ti","status":"publish","type":"post","link":"https:\/\/la-ale.com\/revistalaleche\/ahora-te-toca-a-ti\/","title":{"rendered":"Periodismo con ni\u00f1os"},"content":{"rendered":"<p><img fetchpriority=\"high\" decoding=\"async\" class=\"aligncenter size-full wp-image-3366\" src=\"https:\/\/la-ale.com\/revistalaleche\/wp-content\/uploads\/0.jpg\" alt=\"Periodismo para ni\u00f1os\" width=\"835\" height=\"624\" srcset=\"https:\/\/la-ale.com\/revistalaleche\/wp-content\/uploads\/0.jpg 835w, https:\/\/la-ale.com\/revistalaleche\/wp-content\/uploads\/0-300x224.jpg 300w, https:\/\/la-ale.com\/revistalaleche\/wp-content\/uploads\/0-740x553.jpg 740w, https:\/\/la-ale.com\/revistalaleche\/wp-content\/uploads\/0-480x359.jpg 480w\" sizes=\"(max-width: 835px) 100vw, 835px\" \/><\/p>\n<p>Para preparar cada n\u00famero de<a href=\"https:\/\/la-ale.com\/revistalaleche\/manifiesto\/\"><em><strong> \u00a1La leche!<\/strong> <\/em><\/a>un grupo de adultos nos pasamos horas pensando c\u00f3mo contar a nuestros lectores los temas que m\u00e1s nos fascinan. De vez en cuando alguno de ellos lee uno de nuestros art\u00edculos y nos escribe para anunciarnos algo que nos encanta\u2026 \u00a1que tiene algo en mente que podr\u00eda ser interesante para la revista! As\u00ed fue como Javier, Telmo, Julia o Andrea nos terminaron hablado de la esgrima, la historia de Malala, el miedo de pasar al instituto o por qu\u00e9 uno puede sentirse extranjero en el pa\u00eds donde ha crecido.<\/p>\n<p><img decoding=\"async\" class=\"aligncenter size-full wp-image-3369\" src=\"https:\/\/la-ale.com\/revistalaleche\/wp-content\/uploads\/3-4.jpg\" alt=\"Revista infantil\" width=\"500\" height=\"375\" srcset=\"https:\/\/la-ale.com\/revistalaleche\/wp-content\/uploads\/3-4.jpg 500w, https:\/\/la-ale.com\/revistalaleche\/wp-content\/uploads\/3-4-300x225.jpg 300w, https:\/\/la-ale.com\/revistalaleche\/wp-content\/uploads\/3-4-480x360.jpg 480w\" sizes=\"(max-width: 500px) 100vw, 500px\" \/><\/p>\n<p>Nos alucinan las colaboraciones de nuestros corresponsales y, por eso, este a\u00f1o nos hemos propuesto un reto: intentar que en cada n\u00famero haya una nueva participaci\u00f3n infantil. <strong>Hacer periodismo con ni\u00f1os<\/strong> es todo un desaf\u00edo, pero nos lanzamos a la piscina. Para dar comienzo, a esta secci\u00f3n hemos pensado en un primer tema al que hemos llamado, provisionalmente, <em>Solo por la ciudad<\/em>. <strong>Nos encantar\u00eda conocer el testimonio de ni\u00f1os y ni\u00f1as<\/strong> que, tras cerrar la puerta de casa, se aventuren sin adultos por el lugar donde viven.<\/p>\n<p><img decoding=\"async\" class=\"aligncenter size-full wp-image-3368\" src=\"https:\/\/la-ale.com\/revistalaleche\/wp-content\/uploads\/2.jpg\" alt=\"Revista para ni\u00f1os\" width=\"500\" height=\"375\" srcset=\"https:\/\/la-ale.com\/revistalaleche\/wp-content\/uploads\/2.jpg 500w, https:\/\/la-ale.com\/revistalaleche\/wp-content\/uploads\/2-300x225.jpg 300w, https:\/\/la-ale.com\/revistalaleche\/wp-content\/uploads\/2-480x360.jpg 480w\" sizes=\"(max-width: 500px) 100vw, 500px\" \/><\/p>\n<p>Cuando somos ni\u00f1os, ir solo por la ciudad puede ser divertid\u00edsimo o terrible, podemos movernos en bicicleta o en metro. Siempre hay alguna vez que nos perdemos y ocasiones en las que deseamos ir a un sitio con nuestros amigos pero parece que nunca nos dejar\u00e1n ir. Hay quien tiene llaves de casa, quien pasea al perro por la placita y quien va solo a clase.<\/p>\n<p><img loading=\"lazy\" decoding=\"async\" class=\"aligncenter size-full wp-image-3367\" src=\"https:\/\/la-ale.com\/revistalaleche\/wp-content\/uploads\/1-11.jpg\" alt=\"\" width=\"500\" height=\"375\" srcset=\"https:\/\/la-ale.com\/revistalaleche\/wp-content\/uploads\/1-11.jpg 500w, https:\/\/la-ale.com\/revistalaleche\/wp-content\/uploads\/1-11-300x225.jpg 300w, https:\/\/la-ale.com\/revistalaleche\/wp-content\/uploads\/1-11-480x360.jpg 480w\" sizes=\"(max-width: 500px) 100vw, 500px\" \/><br \/>\nSi conoces a alg\u00fan ni\u00f1o o ni\u00f1a que vaya o quiera ir solo por la ciudad, an\u00edmale a que comparta con nosotros su experiencia o reflexiones. Trabajaremos con todos los textos que recibamos, editando y dando algunas ideas a sus autores para retocar con ellos aquellas partes que tienen m\u00e1s tir\u00f3n. Adem\u00e1s, todos los art\u00edculos se publicar\u00e1n en nuestra blog y seleccionaremos algunos para ilustrar e incluir esta primavera en <em><strong>\u00a1La leche!<\/strong><\/em> #12.<\/p>\n<p><img loading=\"lazy\" decoding=\"async\" class=\"aligncenter size-full wp-image-3370\" src=\"https:\/\/la-ale.com\/revistalaleche\/wp-content\/uploads\/4-1.jpg\" alt=\"Periodismo para ni\u00f1os\" width=\"500\" height=\"375\" srcset=\"https:\/\/la-ale.com\/revistalaleche\/wp-content\/uploads\/4-1.jpg 500w, https:\/\/la-ale.com\/revistalaleche\/wp-content\/uploads\/4-1-300x225.jpg 300w, https:\/\/la-ale.com\/revistalaleche\/wp-content\/uploads\/4-1-480x360.jpg 480w\" sizes=\"(max-width: 500px) 100vw, 500px\" \/><\/p>\n<h2>\u00bfC\u00f3mo participar en nuestra revista de periodismo para ni\u00f1os?<\/h2>\n<ul>\n<li>Puedes participar <strong>si no eres mayor de edad<\/strong>.<\/li>\n<li>El tema es <em><strong>Solo por la ciudad<\/strong><\/em>, pero el contenido puede ir desde una cr\u00f3nica a un recuerdo o una an\u00e9cdota. Puedes elaborar una lista de ideas para que tus padres te dejen salir de casa, mandar una carta a la alcaldesa o dejarnos tu noticia de opini\u00f3n.<\/li>\n<li><strong>Preferimos que los textos no tengan m\u00e1s de 250 palabras<\/strong>. Si tienes una historia genial que contarnos que necesita m\u00e1s palabras, adelante.<\/li>\n<li>Junto al texto necesitamos tu <strong>nombre y el lugar donde vives<\/strong>.<\/li>\n<li>Cuando est\u00e9s listo, puedes <strong>enviarnos tu testimonio a <a href=\"mailto:redaccion@revistalaleche.com\">redaccion@revistalache.com<\/a><\/strong><\/li>\n<li><strong>Necesitamos un correo electr\u00f3nico<\/strong> para mandarte nuestros comentarios y aportaciones.<\/li>\n<li>\u00a1\u00a1\u00a1Atenci\u00f3n!!! la fecha m\u00e1xima de presentaci\u00f3n es el <strong>viernes 15 de febrero.<\/strong><\/li>\n<\/ul>\n<p>Y si tienes cualquier duda preg\u00fantanos: <strong><a href=\"mailto:redaccion@revistalaleche.com\">redaccion@revistalache.com<\/a><\/strong><\/p>\n","protected":false},"excerpt":{"rendered":"<p>Para preparar cada n\u00famero de \u00a1La leche! un grupo de adultos nos pasamos horas pensando c\u00f3mo contar a nuestros lectores [&hellip;]<\/p>\n","protected":false},"author":6,"featured_media":3371,"comment_status":"open","ping_status":"open","sticky":false,"template":"","format":"standard","meta":{"footnotes":""},"categories":[147],"tags":[188,82,72,187,71,189,69],"class_list":["post-3365","post","type-post","status-publish","format-standard","has-post-thumbnail","hentry","category-periodismo-en-la-escuela","tag-corresponsales","tag-escuela","tag-ines-puig","tag-periodismo-con-ninos","tag-periodismo-infantil","tag-periodismo-para-ninos","tag-revista-infantil"],"aioseo_notices":[],"_links":{"self":[{"href":"https:\/\/la-ale.com\/revistalaleche\/wp-json\/wp\/v2\/posts\/3365","targetHints":{"allow":["GET"]}}],"collection":[{"href":"https:\/\/la-ale.com\/revistalaleche\/wp-json\/wp\/v2\/posts"}],"about":[{"href":"https:\/\/la-ale.com\/revistalaleche\/wp-json\/wp\/v2\/types\/post"}],"author":[{"embeddable":true,"href":"https:\/\/la-ale.com\/revistalaleche\/wp-json\/wp\/v2\/users\/6"}],"replies":[{"embeddable":true,"href":"https:\/\/la-ale.com\/revistalaleche\/wp-json\/wp\/v2\/comments?post=3365"}],"version-history":[{"count":9,"href":"https:\/\/la-ale.com\/revistalaleche\/wp-json\/wp\/v2\/posts\/3365\/revisions"}],"predecessor-version":[{"id":3382,"href":"https:\/\/la-ale.com\/revistalaleche\/wp-json\/wp\/v2\/posts\/3365\/revisions\/3382"}],"wp:featuredmedia":[{"embeddable":true,"href":"https:\/\/la-ale.com\/revistalaleche\/wp-json\/wp\/v2\/media\/3371"}],"wp:attachment":[{"href":"https:\/\/la-ale.com\/revistalaleche\/wp-json\/wp\/v2\/media?parent=3365"}],"wp:term":[{"taxonomy":"category","embeddable":true,"href":"https:\/\/la-ale.com\/revistalaleche\/wp-json\/wp\/v2\/categories?post=3365"},{"taxonomy":"post_tag","embeddable":true,"href":"https:\/\/la-ale.com\/revistalaleche\/wp-json\/wp\/v2\/tags?post=3365"}],"curies":[{"name":"wp","href":"https:\/\/api.w.org\/{rel}","templated":true}]}}