{"id":2782,"date":"2018-06-29T09:00:30","date_gmt":"2018-06-29T09:00:30","guid":{"rendered":"https:\/\/la-ale.com\/revistalaleche\/?p=2782"},"modified":"2018-07-19T10:36:43","modified_gmt":"2018-07-19T10:36:43","slug":"concurso-de-exlibris","status":"publish","type":"post","link":"https:\/\/la-ale.com\/revistalaleche\/concurso-de-exlibris\/","title":{"rendered":"Concurso de exlibris \u00a1La leche!, para personajes ilustres, notables, admirados y\u00a0venerados"},"content":{"rendered":"<p>\u00a1\u00a1Llegaron las vacaciones!!<\/p>\n<p>\u00a1\u00a1Hurraaaa!! D\u00edas largos, calorcito, piscina. No hay clases, ni lecciones. Adi\u00f3s a los ex\u00e1menes.<\/p>\n<p>Es posible que te prepares para ir a un campamento. Quiz\u00e1 simplemente pasas las ma\u00f1anas viendo la tele\u00a0 o quedando con amigos para ir a la piscina, tienes suerte si tu familia ha podido coger unos d\u00edas para ir todos juntos a la playa, el camping, la monta\u00f1a o&#8230; \u00a1a una isla!<\/p>\n<p>En cualquiera de esos casos, seguro que tienes planes para hacer mil cosas . Nosotros queremos proponerte una m\u00e1s. No podr\u00e1s resistirte:\u00a0<strong><span style=\"color: #808000;\">un concurso de exlibris para personajes ilustres, notables, admirados y venerados.<\/span><\/strong><\/p>\n<p>Pero espera&#8230;\u00a0Si no has leido el \u00faltimo n\u00famero de nuestra revista, quiz\u00e1 no sepas qu\u00e9 es un ex-libris.<\/p>\n<p>Rebobinemos un poco. Hace muchos a\u00f1os los libros eran escasos y se consideraban un lujo. Aquellos que se los pod\u00edan permitir inventaron una bella forma de marcarlos para registrar su propiedad. As\u00ed nacieron los exlibris: una especie de etiqueta que ofrec\u00eda informaci\u00f3n sobre su due\u00f1o. Se incorporaba a una de las primeras p\u00e1ginas del libro por diferentes t\u00e9cnicas: grabado, pegado, impresi\u00f3n&#8230;<\/p>\n<p><img fetchpriority=\"high\" decoding=\"async\" class=\"aligncenter wp-image-2797\" src=\"https:\/\/la-ale.com\/revistalaleche\/wp-content\/uploads\/ac293617039aabe0f83b7aa3668e661f.jpg\" alt=\"\" width=\"279\" height=\"265\" srcset=\"https:\/\/la-ale.com\/revistalaleche\/wp-content\/uploads\/ac293617039aabe0f83b7aa3668e661f.jpg 400w, https:\/\/la-ale.com\/revistalaleche\/wp-content\/uploads\/ac293617039aabe0f83b7aa3668e661f-300x285.jpg 300w\" sizes=\"(max-width: 279px) 100vw, 279px\" \/><\/p>\n<p>Siglos m\u00e1s tarde, y conforme el libro se fue haciendo m\u00e1s asequible, dise\u00f1adores, pintores, impresores, editores y escultores intercambiaban exlibris \u00a0como una muestra de su amistad. Ya no solo hac\u00edan ex-libris para marcar su propia biblioteca, sino que dibujaban bonitos motivos que defin\u00edan la personalidad o las cualidades de un amigo para regal\u00e1rselo.<\/p>\n[lightbox_gallery columns=\u00bb3&#8243; size=\u00bb\u00bb hover_zoom=\u00bbyes\u00bb]\n[image src=\u00bbhttps:\/\/la-ale.com\/revistalaleche\/wp-content\/uploads\/d847cb3fb823b24f1194967096325671.jpg\u00bb alt=\u00bbexlibris\u00bb]\n[image src=\u00bbhttps:\/\/la-ale.com\/revistalaleche\/wp-content\/uploads\/a708d76f52d64f3ec76f59fdfd8f0d67.jpg\u00bb alt=\u00bbexlibris\u00bb]\n[image src=\u00bbhttps:\/\/la-ale.com\/revistalaleche\/wp-content\/uploads\/912be928c792a5c7f65e6ac6f9009f99.jpg\u00bb alt=\u00bbexlibris\u00bb]\n[\/lightbox_gallery]\n[lightbox_gallery columns=\u00bb3&#8243; size=\u00bb\u00bb hover_zoom=\u00bbyes\u00bb]\n[image src=\u00bbhttps:\/\/la-ale.com\/revistalaleche\/wp-content\/uploads\/423f316df777d12fc0a7f8a9d0bd5570.jpg\u00bb alt=\u00bbexlibris\u00bb]\n[image src=\u00bbhttps:\/\/la-ale.com\/revistalaleche\/wp-content\/uploads\/d7296fe41a6ca241dea6c30f7787824d.jpg\u00bb alt=\u00bbexlibris\u00bb]\n[image src=\u00bbhttps:\/\/la-ale.com\/revistalaleche\/wp-content\/uploads\/9e208dd33ac320da939b3cb5792bfe53.jpg\u00bb alt=\u00bbexlibris\u00bb]\n[\/lightbox_gallery]\n<p>Algunos ex-libris llevan algo que identifica la profesi\u00f3n de sus due\u00f1os.\u00a0Otros nos hablan de la vida familiar o incluso hablan de gustos y aficiones: su animal de compa\u00f1\u00eda, temas religiosos, motivos florales&#8230; . Tambi\u00e9n los hay que denotan cierto humor, ternura o costumbres que hoy han desaparecido.<\/p>\n[lightbox_gallery columns=\u00bb3&#8243; size=\u00bb\u00bb hover_zoom=\u00bbyes\u00bb]\n[image src=\u00bbhttps:\/\/la-ale.com\/revistalaleche\/wp-content\/uploads\/0189a44e593e5d5c1a5a306d24b81fb2.jpg\u00bb alt=\u00bb\u00bb]\n[image src=\u00bbhttps:\/\/la-ale.com\/revistalaleche\/wp-content\/uploads\/59d478e4ee8d2d3338c7501c6c62e958.jpg\u00bb alt=\u00bb\u00bb]\n[image src=\u00bb\u00bb alt=\u00bbexlibris\u00bb]\n[\/lightbox_gallery]\n<p>En el \u00faltimo n\u00famero de \u00a1La leche!, Mikel Lertxundi Galiana y Juliana Salcedo escribieron dos bonitos art\u00edculos sobre los exlibris (donde entre otras cosas nos explican c\u00f3mo hacer uno).\u00a0 Adem\u00e1s, si has podido adquirirlo tendr\u00e1s en tu poder un precioso encarte donde<span style=\"color: #333333;\"> 16 ilustradores maravillosos (Pablo Amargo, Gina Thorstensen, Mar\u00eda Garde, Nanen Garc\u00eda, Alberto Gam\u00f3n, Ester Garc\u00eda, Miguel Calatayud, Pere Ginard, Jos\u00e9 Mar\u00eda Lema, Roger Ycaza, Celsius Pictor, Juliana Salcedo, In\u00e8s Santos, Pablo Auladell, Mart\u00ed Alcon y Valerio Vidali) han dise\u00f1ado, cada uno, un exlibris dedicado a aquel personaje que marc\u00f3 su vida cuando ten\u00edan 10 a\u00f1os.<\/span><\/p>\n<p>Y de esto precisamente va nuestro concurso. La propuesta es sencilla: <strong>hacer un exlibris a un personaje que admiras<\/strong>. Presta atenci\u00f3n a las reglas (tambi\u00e9n puedes descargar <a href=\"https:\/\/la-ale.com\/revistalaleche\/descargas\/basesexlibris.pdf\"><span style=\"color: #808000;\">aqu\u00ed<\/span><\/a> las bases del concurso):<\/p>\n<h2 style=\"text-align: center;\"><span style=\"color: #808000;\">Concurso de exlibris para personajes notables,\u00a0<\/span><span style=\"color: #808000;\">ilustres<\/span><span style=\"color: #808000;\">, admirados y\u00a0venerados<\/span><\/h2>\n<p><span style=\"color: #808000;\"><strong>1.\u00a0<\/strong>Escoge un escritor, m\u00fasico, ilustrador, arquitecto, cient\u00edfico, pol\u00edtico, criminal, pintor, cineasta, fil\u00f3sofo, cocinero, inventor, cuentista&#8230; a quien admires o haya marcado tu vida de alguna forma.<\/span><\/p>\n<p><span style=\"color: #dc5057;\"><span style=\"color: #808000;\"><strong>2.<\/strong> Dibuja un ex-libris.<\/span> <span style=\"color: #333333;\">Si quieres inspiraci\u00f3n puedes visitar nuestro tablero de <span style=\"color: #808000;\"><a style=\"color: #808000;\" href=\"https:\/\/www.pinterest.es\/revistalaleche\/ex-libris\/\">Pinterest\u00a0\u00a0<\/a><\/span><\/span><\/span><span style=\"color: #dc5057;\"><span style=\"color: #000000;\">\u00a1Ojo! piensa que el exlibris es para que ese personaje lo pusiera en sus libros.\u00a0<\/span><\/span><\/p>\n<p><span style=\"color: #dc5057;\"><span style=\"color: #808000;\"><strong>3.<\/strong> Escanea o fotograf\u00eda<\/span>\u00a0<span style=\"color: #000000;\">tu dibujo.\u00a0<\/span><\/span><\/p>\n<p><span style=\"color: #dc5057;\"><span style=\"color: #808000;\"><strong>4.<\/strong>\u00a0Env\u00edanoslo<\/span><\/span>\u00a0a <span style=\"color: #808000;\"><a style=\"color: #808000;\" href=\"mailto:buzon@revistalaleche.com\">buzon@revistalaleche.com<\/a><\/span>\u00a0a\u00f1adiendo<span style=\"color: #808000;\"><span style=\"color: #333333;\">\u00a0en el email<\/span><\/span>:<\/p>\n<ul>\n<li>Una explicaci\u00f3n de para qui\u00e9n es tu exlibris y por qu\u00e9.<\/li>\n<li><span style=\"color: #808000;\">Tu nombre completo y tu edad <span style=\"color: #333333;\">(<\/span><\/span>para ponernos en contacto contigo para confirmar la recepci\u00f3n y en caso de ser seleccionado usaremos la cuenta de correo electr\u00f3nico desde la que nos hayas mandado tu dibujo).<\/li>\n<\/ul>\n<p><span style=\"color: #808000;\"><strong>5.<\/strong> <\/span>Fecha l\u00edmite:\u00a0<span style=\"color: #808000;\"><strong>20 de septiembre<\/strong>.<\/span><\/p>\n<p><span style=\"color: #808000;\"><strong>6.\u00a0<\/strong><\/span>Puedes participar si <span style=\"color: #808000;\"><strong>tienes entre 8 y 14 a\u00f1os<\/strong> <\/span>y te consideras un <span style=\"color: #808000;\"><strong>aut\u00e9ntico y profesional dise\u00f1ador de exlibris para personajes notables, ilustres, admirados y venerados.<\/strong><\/span><\/p>\n<p><span style=\"color: #808000;\"><strong>7.\u00a0Los premios<\/strong>:<\/span><\/p>\n<ul>\n<li>Premio exuberante: <strong style=\"color: #808000;\">3<\/strong><strong><span style=\"color: #808000;\">\u00a0l<\/span><span style=\"color: #808000;\">ibros fant\u00e1sticos de tres de nuestros\u00a0extraordinarios\u00a0colaboradores firmados y dedicados al ganador\u00a0+ un diploma dedicado y original ilustrado por Juliana Salcedo.<\/span><\/strong><\/li>\n<li>Premio exquisito: <span style=\"color: #808000;\"><strong>2 libros espectaculares de dos de nuestros colaboradores m\u00e1s molones firmados y dedicados al ganador<\/strong><\/span> <span style=\"color: #808000;\"><strong>\u00a0+ un diploma dedicado y original ilustrado por Alejandra Fern\u00e1ndez.<\/strong><\/span><\/li>\n<\/ul>\n<p><span style=\"color: #dc5057;\"><span style=\"color: #808000;\"><strong>8.\u00a0<\/strong><\/span><strong><span style=\"color: #808000;\">Normas t\u00e9cnicas:<\/span>\u00a0<\/strong><\/span>Puedes emplear cualquier t\u00e9cnica que te parezca bien.<\/p>\n<p><span style=\"color: #808000;\"><strong>9.\u00a0<\/strong>Desvelaremos el nombre de los ganadores el <strong>30 de septiembre<\/strong> y <strong>por medio de correo electr\u00f3nico y a trav\u00e9s de nuestras\u00a0redes.<\/strong><\/span><\/p>\n<p><span style=\"color: #808000;\"><strong>10.<\/strong>\u00a0Tu dibujo junto a tu primer nombre y edad pueden ser publicados en nuestras redes sociales y\/o en nuestra revista, pero NUNCA, NUNCA, NUNCA publicaremos o traspasaremos tus datos de contacto.<\/span><\/p>\n<p>Participar en este ilustre concurso implica\u00a0que aceptas estas condiciones.<\/p>\n","protected":false},"excerpt":{"rendered":"<p>\u00a1\u00a1Llegaron las vacaciones!! \u00a1\u00a1Hurraaaa!! D\u00edas largos, calorcito, piscina. No hay clases, ni lecciones. Adi\u00f3s a los ex\u00e1menes. Es posible que [&hellip;]<\/p>\n","protected":false},"author":2,"featured_media":2808,"comment_status":"open","ping_status":"open","sticky":false,"template":"","format":"standard","meta":{"footnotes":""},"categories":[46],"tags":[167,168,169,166,61,116],"class_list":["post-2782","post","type-post","status-publish","format-standard","has-post-thumbnail","hentry","category-concursos","tag-concurso","tag-dibujo","tag-ex-libris","tag-exlibris","tag-libros","tag-revista-infantil-la-leche"],"aioseo_notices":[],"_links":{"self":[{"href":"https:\/\/la-ale.com\/revistalaleche\/wp-json\/wp\/v2\/posts\/2782","targetHints":{"allow":["GET"]}}],"collection":[{"href":"https:\/\/la-ale.com\/revistalaleche\/wp-json\/wp\/v2\/posts"}],"about":[{"href":"https:\/\/la-ale.com\/revistalaleche\/wp-json\/wp\/v2\/types\/post"}],"author":[{"embeddable":true,"href":"https:\/\/la-ale.com\/revistalaleche\/wp-json\/wp\/v2\/users\/2"}],"replies":[{"embeddable":true,"href":"https:\/\/la-ale.com\/revistalaleche\/wp-json\/wp\/v2\/comments?post=2782"}],"version-history":[{"count":15,"href":"https:\/\/la-ale.com\/revistalaleche\/wp-json\/wp\/v2\/posts\/2782\/revisions"}],"predecessor-version":[{"id":2840,"href":"https:\/\/la-ale.com\/revistalaleche\/wp-json\/wp\/v2\/posts\/2782\/revisions\/2840"}],"wp:featuredmedia":[{"embeddable":true,"href":"https:\/\/la-ale.com\/revistalaleche\/wp-json\/wp\/v2\/media\/2808"}],"wp:attachment":[{"href":"https:\/\/la-ale.com\/revistalaleche\/wp-json\/wp\/v2\/media?parent=2782"}],"wp:term":[{"taxonomy":"category","embeddable":true,"href":"https:\/\/la-ale.com\/revistalaleche\/wp-json\/wp\/v2\/categories?post=2782"},{"taxonomy":"post_tag","embeddable":true,"href":"https:\/\/la-ale.com\/revistalaleche\/wp-json\/wp\/v2\/tags?post=2782"}],"curies":[{"name":"wp","href":"https:\/\/api.w.org\/{rel}","templated":true}]}}