{"id":2260,"date":"2017-07-10T12:57:17","date_gmt":"2017-07-10T12:57:17","guid":{"rendered":"https:\/\/la-ale.com\/revistalaleche\/?p=2260"},"modified":"2017-07-10T17:17:00","modified_gmt":"2017-07-10T17:17:00","slug":"oh-no-nos-ha-salido-competencia","status":"publish","type":"post","link":"https:\/\/la-ale.com\/revistalaleche\/oh-no-nos-ha-salido-competencia\/","title":{"rendered":"\u00a1Oh, no!, \u00a1nos ha salido competencia!"},"content":{"rendered":"<p><img fetchpriority=\"high\" decoding=\"async\" class=\"alignnone wp-image-2261 size-full\" src=\"https:\/\/la-ale.com\/revistalaleche\/wp-content\/uploads\/revista01.jpg\" alt=\"\" width=\"1200\" height=\"900\" srcset=\"https:\/\/la-ale.com\/revistalaleche\/wp-content\/uploads\/revista01.jpg 1200w, https:\/\/la-ale.com\/revistalaleche\/wp-content\/uploads\/revista01-200x150.jpg 200w, https:\/\/la-ale.com\/revistalaleche\/wp-content\/uploads\/revista01-400x300.jpg 400w, https:\/\/la-ale.com\/revistalaleche\/wp-content\/uploads\/revista01-500x375.jpg 500w, https:\/\/la-ale.com\/revistalaleche\/wp-content\/uploads\/revista01-300x225.jpg 300w, https:\/\/la-ale.com\/revistalaleche\/wp-content\/uploads\/revista01-1024x768.jpg 1024w, https:\/\/la-ale.com\/revistalaleche\/wp-content\/uploads\/revista01-740x555.jpg 740w, https:\/\/la-ale.com\/revistalaleche\/wp-content\/uploads\/revista01-480x360.jpg 480w\" sizes=\"(max-width: 1200px) 100vw, 1200px\" \/><\/p>\n<p>No quer\u00edamos irnos de vacaciones sin contaros sobre una magn\u00edfica revista que ha llegado a nuestras manos. Cada mes sale un n\u00famero de <strong><em>\u00a1\u00a1Mamma m\u00eda!!<\/em><\/strong>, una revista editada por nuestro lector Mateo Alonso.<\/p>\n<p><img decoding=\"async\" class=\"alignnone wp-image-2263 size-full\" src=\"https:\/\/la-ale.com\/revistalaleche\/wp-content\/uploads\/revista04.jpg\" alt=\"\" width=\"1200\" height=\"900\" srcset=\"https:\/\/la-ale.com\/revistalaleche\/wp-content\/uploads\/revista04.jpg 1200w, https:\/\/la-ale.com\/revistalaleche\/wp-content\/uploads\/revista04-200x150.jpg 200w, https:\/\/la-ale.com\/revistalaleche\/wp-content\/uploads\/revista04-400x300.jpg 400w, https:\/\/la-ale.com\/revistalaleche\/wp-content\/uploads\/revista04-500x375.jpg 500w, https:\/\/la-ale.com\/revistalaleche\/wp-content\/uploads\/revista04-300x225.jpg 300w, https:\/\/la-ale.com\/revistalaleche\/wp-content\/uploads\/revista04-1024x768.jpg 1024w, https:\/\/la-ale.com\/revistalaleche\/wp-content\/uploads\/revista04-740x555.jpg 740w, https:\/\/la-ale.com\/revistalaleche\/wp-content\/uploads\/revista04-480x360.jpg 480w\" sizes=\"(max-width: 1200px) 100vw, 1200px\" \/><\/p>\n<p>La publicaci\u00f3n cuenta con muchas secciones que har\u00e1n la delicia de quienes la lean: En <em>Cosas que ocurren<\/em> podemos ver qu\u00e9 pasa cuando hay un vaso de agua en tu camino. <em>Recomendamos <\/em>es la secci\u00f3n de recomendaciones literarias, que esta vez nos habla de un libro muy apetecible: <em>La maravillosa medicina de Jorge<\/em> de Roald Dahl. Pero hay m\u00e1s: en sus p\u00e1ginas puedes disfrutar una fant\u00e1stica secci\u00f3n de chistes que nos ha dejado con dolor de tripa de tanto re\u00edr, de un curso de ajedrez, de un test para probar tus conocimientos, de una secci\u00f3n de curiosidades volc\u00e1nicas, de juegos, de noticias, de algunas cosas peligrosas que deber\u00edas hacer y \u00a1del mism\u00edsimo Karl con K!<\/p>\n<p><img decoding=\"async\" class=\"alignnone wp-image-2262 size-full\" src=\"https:\/\/la-ale.com\/revistalaleche\/wp-content\/uploads\/revista03.jpg\" alt=\"\" width=\"1200\" height=\"900\" srcset=\"https:\/\/la-ale.com\/revistalaleche\/wp-content\/uploads\/revista03.jpg 1200w, https:\/\/la-ale.com\/revistalaleche\/wp-content\/uploads\/revista03-200x150.jpg 200w, https:\/\/la-ale.com\/revistalaleche\/wp-content\/uploads\/revista03-400x300.jpg 400w, https:\/\/la-ale.com\/revistalaleche\/wp-content\/uploads\/revista03-500x375.jpg 500w, https:\/\/la-ale.com\/revistalaleche\/wp-content\/uploads\/revista03-300x225.jpg 300w, https:\/\/la-ale.com\/revistalaleche\/wp-content\/uploads\/revista03-1024x768.jpg 1024w, https:\/\/la-ale.com\/revistalaleche\/wp-content\/uploads\/revista03-740x555.jpg 740w, https:\/\/la-ale.com\/revistalaleche\/wp-content\/uploads\/revista03-480x360.jpg 480w\" sizes=\"(max-width: 1200px) 100vw, 1200px\" \/><\/p>\n<p>Con ilustraciones frescas y a todo color, <em><strong>\u00a1\u00a1Mamma m\u00eda!!<\/strong><\/em> es divertida y amena. Una buena lectura para el verano o para la vuelta de vacaciones.<\/p>\n<p><img loading=\"lazy\" decoding=\"async\" class=\"alignnone wp-image-2264 size-full\" src=\"https:\/\/la-ale.com\/revistalaleche\/wp-content\/uploads\/revista05.jpg\" alt=\"\" width=\"1200\" height=\"900\" srcset=\"https:\/\/la-ale.com\/revistalaleche\/wp-content\/uploads\/revista05.jpg 1200w, https:\/\/la-ale.com\/revistalaleche\/wp-content\/uploads\/revista05-200x150.jpg 200w, https:\/\/la-ale.com\/revistalaleche\/wp-content\/uploads\/revista05-400x300.jpg 400w, https:\/\/la-ale.com\/revistalaleche\/wp-content\/uploads\/revista05-500x375.jpg 500w, https:\/\/la-ale.com\/revistalaleche\/wp-content\/uploads\/revista05-300x225.jpg 300w, https:\/\/la-ale.com\/revistalaleche\/wp-content\/uploads\/revista05-1024x768.jpg 1024w, https:\/\/la-ale.com\/revistalaleche\/wp-content\/uploads\/revista05-740x555.jpg 740w, https:\/\/la-ale.com\/revistalaleche\/wp-content\/uploads\/revista05-480x360.jpg 480w\" sizes=\"(max-width: 1200px) 100vw, 1200px\" \/><\/p>\n<p>Desde aqu\u00ed, felicitamos a su editor y le deseamos mucha suerte con la revista. \u00a1Larga vida a <strong><em>\u00a1\u00a1Mamma m\u00eda!!<\/em><\/strong>!<\/p>\n<p>&nbsp;<\/p>\n","protected":false},"excerpt":{"rendered":"<p>No quer\u00edamos irnos de vacaciones sin contaros sobre una magn\u00edfica revista que ha llegado a nuestras manos. Cada mes sale [&hellip;]<\/p>\n","protected":false},"author":5,"featured_media":2261,"comment_status":"open","ping_status":"open","sticky":false,"template":"","format":"standard","meta":{"footnotes":""},"categories":[12],"tags":[42,60,28,54,53,64,71],"class_list":["post-2260","post","type-post","status-publish","format-standard","has-post-thumbnail","hentry","category-interesante","tag-cronica","tag-infancia","tag-infantil","tag-periodico-infantil","tag-periodismo","tag-periodismo-en-la-escuela","tag-periodismo-infantil"],"aioseo_notices":[],"_links":{"self":[{"href":"https:\/\/la-ale.com\/revistalaleche\/wp-json\/wp\/v2\/posts\/2260","targetHints":{"allow":["GET"]}}],"collection":[{"href":"https:\/\/la-ale.com\/revistalaleche\/wp-json\/wp\/v2\/posts"}],"about":[{"href":"https:\/\/la-ale.com\/revistalaleche\/wp-json\/wp\/v2\/types\/post"}],"author":[{"embeddable":true,"href":"https:\/\/la-ale.com\/revistalaleche\/wp-json\/wp\/v2\/users\/5"}],"replies":[{"embeddable":true,"href":"https:\/\/la-ale.com\/revistalaleche\/wp-json\/wp\/v2\/comments?post=2260"}],"version-history":[{"count":3,"href":"https:\/\/la-ale.com\/revistalaleche\/wp-json\/wp\/v2\/posts\/2260\/revisions"}],"predecessor-version":[{"id":2267,"href":"https:\/\/la-ale.com\/revistalaleche\/wp-json\/wp\/v2\/posts\/2260\/revisions\/2267"}],"wp:featuredmedia":[{"embeddable":true,"href":"https:\/\/la-ale.com\/revistalaleche\/wp-json\/wp\/v2\/media\/2261"}],"wp:attachment":[{"href":"https:\/\/la-ale.com\/revistalaleche\/wp-json\/wp\/v2\/media?parent=2260"}],"wp:term":[{"taxonomy":"category","embeddable":true,"href":"https:\/\/la-ale.com\/revistalaleche\/wp-json\/wp\/v2\/categories?post=2260"},{"taxonomy":"post_tag","embeddable":true,"href":"https:\/\/la-ale.com\/revistalaleche\/wp-json\/wp\/v2\/tags?post=2260"}],"curies":[{"name":"wp","href":"https:\/\/api.w.org\/{rel}","templated":true}]}}