{"id":1979,"date":"2017-04-11T12:34:44","date_gmt":"2017-04-11T12:34:44","guid":{"rendered":"https:\/\/la-ale.com\/revistalaleche\/?p=1979"},"modified":"2017-04-20T11:45:39","modified_gmt":"2017-04-20T11:45:39","slug":"entrevista-en-hoy-empieza-todo-radio-3","status":"publish","type":"post","link":"https:\/\/la-ale.com\/revistalaleche\/entrevista-en-hoy-empieza-todo-radio-3\/","title":{"rendered":"Entrevista en Hoy empieza todo, Radio 3"},"content":{"rendered":"<p><iframe src=\"https:\/\/www.youtube.com\/embed\/rhi3i90LWWs\" width=\"560\" height=\"315\" frameborder=\"0\" allowfullscreen=\"allowfullscreen\"><\/iframe><\/p>\n<p>Marta Echevarr\u00eda entrevista a Gustavo Puerta Leisse como editor y a Julia Puerta\u00a0de 11 a\u00f1os como cr\u00edtica y lectora de la revista.<\/p>\n<p>\u00abEn sus p\u00e1ginas no vamos a encontrar diminutivos, ni eufemismos, ni ninguna de las \u00f1o\u00f1er\u00edas que solemos utilizar cuando hablamos a los ni\u00f1os, la idea es tratarlos con el mismo respeto y exijencia intelectual que a los mayores.\u00bb Marta Echevarr\u00eda.<\/p>\n<p>\u00abEste es un peri\u00f3dico que explica lo que muchas veces los adultos no saben o no explican correctamente\u00bb\u00a0afirma Julia. Ella\u00a0ha sido desde el primer d\u00eda\u00a0de las lectoras m\u00e1s cr\u00edticas con la revista en el momento de su confecci\u00f3n, muchos de los art\u00edculos son puestos ante su mirada cr\u00edtica para saber si funcionan, y ,en ocasiones, ha llegado a suponer la re-edici\u00f3n de un art\u00edculo ya aprobado debido\u00a0a que representa\u00a0nuestro mejor ejemplo de lector.<\/p>\n","protected":false},"excerpt":{"rendered":"<p>Marta Echevarr\u00eda entrevista a Gustavo Puerta Leisse como editor y a Julia Puerta\u00a0de 11 a\u00f1os como cr\u00edtica y lectora de [&hellip;]<\/p>\n","protected":false},"author":2,"featured_media":1980,"comment_status":"open","ping_status":"open","sticky":false,"template":"","format":"standard","meta":{"footnotes":""},"categories":[51],"tags":[65,66,60,58,59,64,62,84,24],"class_list":["post-1979","post","type-post","status-publish","format-standard","has-post-thumbnail","hentry","category-los-medios-dicen","tag-entrevista","tag-gustavo-puerta","tag-infancia","tag-lectura","tag-medios","tag-periodismo-en-la-escuela","tag-radio","tag-radio-3","tag-revista-la-leche"],"aioseo_notices":[],"_links":{"self":[{"href":"https:\/\/la-ale.com\/revistalaleche\/wp-json\/wp\/v2\/posts\/1979","targetHints":{"allow":["GET"]}}],"collection":[{"href":"https:\/\/la-ale.com\/revistalaleche\/wp-json\/wp\/v2\/posts"}],"about":[{"href":"https:\/\/la-ale.com\/revistalaleche\/wp-json\/wp\/v2\/types\/post"}],"author":[{"embeddable":true,"href":"https:\/\/la-ale.com\/revistalaleche\/wp-json\/wp\/v2\/users\/2"}],"replies":[{"embeddable":true,"href":"https:\/\/la-ale.com\/revistalaleche\/wp-json\/wp\/v2\/comments?post=1979"}],"version-history":[{"count":8,"href":"https:\/\/la-ale.com\/revistalaleche\/wp-json\/wp\/v2\/posts\/1979\/revisions"}],"predecessor-version":[{"id":2016,"href":"https:\/\/la-ale.com\/revistalaleche\/wp-json\/wp\/v2\/posts\/1979\/revisions\/2016"}],"wp:featuredmedia":[{"embeddable":true,"href":"https:\/\/la-ale.com\/revistalaleche\/wp-json\/wp\/v2\/media\/1980"}],"wp:attachment":[{"href":"https:\/\/la-ale.com\/revistalaleche\/wp-json\/wp\/v2\/media?parent=1979"}],"wp:term":[{"taxonomy":"category","embeddable":true,"href":"https:\/\/la-ale.com\/revistalaleche\/wp-json\/wp\/v2\/categories?post=1979"},{"taxonomy":"post_tag","embeddable":true,"href":"https:\/\/la-ale.com\/revistalaleche\/wp-json\/wp\/v2\/tags?post=1979"}],"curies":[{"name":"wp","href":"https:\/\/api.w.org\/{rel}","templated":true}]}}