{"id":1898,"date":"2016-10-23T15:41:09","date_gmt":"2016-10-23T15:41:09","guid":{"rendered":"https:\/\/la-ale.com\/revistalaleche\/?p=1898"},"modified":"2017-04-18T18:16:49","modified_gmt":"2017-04-18T18:16:49","slug":"nos-recomiendan-en-salamanca-rtv-al-dia","status":"publish","type":"post","link":"https:\/\/la-ale.com\/revistalaleche\/nos-recomiendan-en-salamanca-rtv-al-dia\/","title":{"rendered":"Nos recomiendan en Salamanca RTV Al d\u00eda"},"content":{"rendered":"<p>\u00ab&#8230; en ella (\u00a1La leche!)\u00a0la literatura infantil y la ilustraci\u00f3n tienen un papel muy destacado, no en vano sus propios autores la definen como una publicaci\u00f3n ilustrada de periodismo cultural destinada a ni\u00f1os entre 8 y 14 a\u00f1os.\u00bb<\/p>\n<p><a href=\"http:\/\/salamancartvaldia.es\/not\/130505\/revistas-literatura-infantil-juvenil\/\">Art\u00edculo completo.<\/a><\/p>\n","protected":false},"excerpt":{"rendered":"<p>\u00ab&#8230; en ella (\u00a1La leche!)\u00a0la literatura infantil y la ilustraci\u00f3n tienen un papel muy destacado, no en vano sus propios [&hellip;]<\/p>\n","protected":false},"author":2,"featured_media":1903,"comment_status":"open","ping_status":"open","sticky":false,"template":"","format":"standard","meta":{"footnotes":""},"categories":[51],"tags":[65,66,60,58,59,64,62,24],"class_list":["post-1898","post","type-post","status-publish","format-standard","has-post-thumbnail","hentry","category-los-medios-dicen","tag-entrevista","tag-gustavo-puerta","tag-infancia","tag-lectura","tag-medios","tag-periodismo-en-la-escuela","tag-radio","tag-revista-la-leche"],"aioseo_notices":[],"_links":{"self":[{"href":"https:\/\/la-ale.com\/revistalaleche\/wp-json\/wp\/v2\/posts\/1898","targetHints":{"allow":["GET"]}}],"collection":[{"href":"https:\/\/la-ale.com\/revistalaleche\/wp-json\/wp\/v2\/posts"}],"about":[{"href":"https:\/\/la-ale.com\/revistalaleche\/wp-json\/wp\/v2\/types\/post"}],"author":[{"embeddable":true,"href":"https:\/\/la-ale.com\/revistalaleche\/wp-json\/wp\/v2\/users\/2"}],"replies":[{"embeddable":true,"href":"https:\/\/la-ale.com\/revistalaleche\/wp-json\/wp\/v2\/comments?post=1898"}],"version-history":[{"count":1,"href":"https:\/\/la-ale.com\/revistalaleche\/wp-json\/wp\/v2\/posts\/1898\/revisions"}],"predecessor-version":[{"id":1899,"href":"https:\/\/la-ale.com\/revistalaleche\/wp-json\/wp\/v2\/posts\/1898\/revisions\/1899"}],"wp:featuredmedia":[{"embeddable":true,"href":"https:\/\/la-ale.com\/revistalaleche\/wp-json\/wp\/v2\/media\/1903"}],"wp:attachment":[{"href":"https:\/\/la-ale.com\/revistalaleche\/wp-json\/wp\/v2\/media?parent=1898"}],"wp:term":[{"taxonomy":"category","embeddable":true,"href":"https:\/\/la-ale.com\/revistalaleche\/wp-json\/wp\/v2\/categories?post=1898"},{"taxonomy":"post_tag","embeddable":true,"href":"https:\/\/la-ale.com\/revistalaleche\/wp-json\/wp\/v2\/tags?post=1898"}],"curies":[{"name":"wp","href":"https:\/\/api.w.org\/{rel}","templated":true}]}}